{"id":4809,"date":"2023-03-20T16:06:11","date_gmt":"2023-03-20T15:06:11","guid":{"rendered":"https:\/\/gardavillage.it\/news\/wir-sind-mit-der-neuen-website-online\/"},"modified":"2023-03-23T11:01:48","modified_gmt":"2023-03-23T10:01:48","slug":"wir-sind-mit-der-neuen-website-online","status":"publish","type":"news","link":"https:\/\/gardavillage.it\/de\/news\/wir-sind-mit-der-neuen-website-online\/","title":{"rendered":"Wir sind mit der neuen Website online!"},"content":{"rendered":"&#13;\n<p>Ab heute sind wir mit der neuen Website online: moderner, mit gestraffter Navigation und einem komplett \u00fcberarbeiteten Layout, um unseren gro\u00dfartigen Fotos mehr Platz zu geben.<\/p>&#13;\n<p>Wir hoffen es gef\u00e4llt euch \ud83d\ude42<\/p>&#13;\n","protected":false},"excerpt":{"rendered":"<p>&#13; Ab heute sind wir mit der neuen Website online: moderner, mit gestraffter Navigation und einem komplett \u00fcberarbeiteten Layout, um unseren gro\u00dfartigen Fotos mehr Platz zu geben. &#13; Wir hoffen es gef\u00e4llt euch \ud83d\ude42 &#13;<\/p>\n","protected":false},"author":2,"featured_media":3141,"template":"","meta":{"inline_featured_image":false,"_links_to":"","_links_to_target":""},"categories":[],"class_list":["post-4809","news","type-news","status-publish","has-post-thumbnail","hentry"],"blocksy_meta":{"styles_descriptor":{"styles":{"desktop":"","tablet":"","mobile":""},"google_fonts":[],"version":6}},"yoast_head":"<!-- This site is optimized with the Yoast SEO plugin v22.0 - https:\/\/yoast.com\/wordpress\/plugins\/seo\/ -->\n<title>Wir sind mit der neuen Website online! - Garda Village<\/title>\n<meta name=\"robots\" content=\"index, follow, max-snippet:-1, max-image-preview:large, max-video-preview:-1\" \/>\n<link rel=\"canonical\" href=\"https:\/\/gardavillage.it\/de\/news\/wir-sind-mit-der-neuen-website-online\/\" \/>\n<meta property=\"og:locale\" content=\"de_DE\" \/>\n<meta property=\"og:type\" content=\"article\" \/>\n<meta property=\"og:title\" content=\"Wir sind mit der neuen Website online! - Garda Village\" \/>\n<meta property=\"og:description\" content=\"&#013; Ab heute sind wir mit der neuen Website online: moderner, mit gestraffter Navigation und einem komplett \u00fcberarbeiteten Layout, um unseren gro\u00dfartigen Fotos mehr Platz zu geben. &#013; Wir hoffen es gef\u00e4llt euch \ud83d\ude42 &#013;\" \/>\n<meta property=\"og:url\" content=\"https:\/\/gardavillage.it\/de\/news\/wir-sind-mit-der-neuen-website-online\/\" \/>\n<meta property=\"og:site_name\" content=\"Garda Village\" \/>\n<meta property=\"article:modified_time\" content=\"2023-03-23T10:01:48+00:00\" \/>\n<meta property=\"og:image\" content=\"https:\/\/gardavillage.it\/wp-content\/uploads\/garda-village-sirmione-bilocale-bungalow-8.jpg\" \/>\n\t<meta property=\"og:image:width\" content=\"1420\" \/>\n\t<meta property=\"og:image:height\" content=\"1000\" \/>\n\t<meta property=\"og:image:type\" content=\"image\/jpeg\" \/>\n<meta name=\"twitter:card\" content=\"summary_large_image\" \/>\n<script type=\"application\/ld+json\" class=\"yoast-schema-graph\">{\"@context\":\"https:\/\/schema.org\",\"@graph\":[{\"@type\":\"WebPage\",\"@id\":\"https:\/\/gardavillage.it\/de\/news\/wir-sind-mit-der-neuen-website-online\/\",\"url\":\"https:\/\/gardavillage.it\/de\/news\/wir-sind-mit-der-neuen-website-online\/\",\"name\":\"Wir sind mit der neuen Website online! - Garda Village\",\"isPartOf\":{\"@id\":\"https:\/\/gardavillage.it\/de\/#website\"},\"datePublished\":\"2023-03-20T15:06:11+00:00\",\"dateModified\":\"2023-03-23T10:01:48+00:00\",\"breadcrumb\":{\"@id\":\"https:\/\/gardavillage.it\/de\/news\/wir-sind-mit-der-neuen-website-online\/#breadcrumb\"},\"inLanguage\":\"de\",\"potentialAction\":[{\"@type\":\"ReadAction\",\"target\":[\"https:\/\/gardavillage.it\/de\/news\/wir-sind-mit-der-neuen-website-online\/\"]}]},{\"@type\":\"BreadcrumbList\",\"@id\":\"https:\/\/gardavillage.it\/de\/news\/wir-sind-mit-der-neuen-website-online\/#breadcrumb\",\"itemListElement\":[{\"@type\":\"ListItem\",\"position\":1,\"name\":\"Home\",\"item\":\"https:\/\/gardavillage.it\/de\/\"},{\"@type\":\"ListItem\",\"position\":2,\"name\":\"News\",\"item\":\"https:\/\/gardavillage.it\/de\/news\/\"},{\"@type\":\"ListItem\",\"position\":3,\"name\":\"Wir sind mit der neuen Website online!\"}]},{\"@type\":\"WebSite\",\"@id\":\"https:\/\/gardavillage.it\/de\/#website\",\"url\":\"https:\/\/gardavillage.it\/de\/\",\"name\":\"Garda Village\",\"description\":\"La tua vacanza al Lago di Garda\",\"publisher\":{\"@id\":\"https:\/\/gardavillage.it\/de\/#organization\"},\"potentialAction\":[{\"@type\":\"SearchAction\",\"target\":{\"@type\":\"EntryPoint\",\"urlTemplate\":\"https:\/\/gardavillage.it\/de\/?s={search_term_string}\"},\"query-input\":\"required name=search_term_string\"}],\"inLanguage\":\"de\"},{\"@type\":\"Organization\",\"@id\":\"https:\/\/gardavillage.it\/de\/#organization\",\"name\":\"Garda Village\",\"url\":\"https:\/\/gardavillage.it\/de\/\",\"logo\":{\"@type\":\"ImageObject\",\"inLanguage\":\"de\",\"@id\":\"https:\/\/gardavillage.it\/de\/#\/schema\/logo\/image\/\",\"url\":\"https:\/\/gardavillage.it\/wp-content\/uploads\/gada-village-logo.svg\",\"contentUrl\":\"https:\/\/gardavillage.it\/wp-content\/uploads\/gada-village-logo.svg\",\"caption\":\"Garda Village\"},\"image\":{\"@id\":\"https:\/\/gardavillage.it\/de\/#\/schema\/logo\/image\/\"}}]}<\/script>\n<!-- \/ Yoast SEO plugin. -->","yoast_head_json":{"title":"Wir sind mit der neuen Website online! - Garda Village","robots":{"index":"index","follow":"follow","max-snippet":"max-snippet:-1","max-image-preview":"max-image-preview:large","max-video-preview":"max-video-preview:-1"},"canonical":"https:\/\/gardavillage.it\/de\/news\/wir-sind-mit-der-neuen-website-online\/","og_locale":"de_DE","og_type":"article","og_title":"Wir sind mit der neuen Website online! - Garda Village","og_description":"&#13; Ab heute sind wir mit der neuen Website online: moderner, mit gestraffter Navigation und einem komplett \u00fcberarbeiteten Layout, um unseren gro\u00dfartigen Fotos mehr Platz zu geben. &#13; Wir hoffen es gef\u00e4llt euch \ud83d\ude42 &#13;","og_url":"https:\/\/gardavillage.it\/de\/news\/wir-sind-mit-der-neuen-website-online\/","og_site_name":"Garda Village","article_modified_time":"2023-03-23T10:01:48+00:00","og_image":[{"width":1420,"height":1000,"url":"https:\/\/gardavillage.it\/wp-content\/uploads\/garda-village-sirmione-bilocale-bungalow-8.jpg","type":"image\/jpeg"}],"twitter_card":"summary_large_image","schema":{"@context":"https:\/\/schema.org","@graph":[{"@type":"WebPage","@id":"https:\/\/gardavillage.it\/de\/news\/wir-sind-mit-der-neuen-website-online\/","url":"https:\/\/gardavillage.it\/de\/news\/wir-sind-mit-der-neuen-website-online\/","name":"Wir sind mit der neuen Website online! - Garda Village","isPartOf":{"@id":"https:\/\/gardavillage.it\/de\/#website"},"datePublished":"2023-03-20T15:06:11+00:00","dateModified":"2023-03-23T10:01:48+00:00","breadcrumb":{"@id":"https:\/\/gardavillage.it\/de\/news\/wir-sind-mit-der-neuen-website-online\/#breadcrumb"},"inLanguage":"de","potentialAction":[{"@type":"ReadAction","target":["https:\/\/gardavillage.it\/de\/news\/wir-sind-mit-der-neuen-website-online\/"]}]},{"@type":"BreadcrumbList","@id":"https:\/\/gardavillage.it\/de\/news\/wir-sind-mit-der-neuen-website-online\/#breadcrumb","itemListElement":[{"@type":"ListItem","position":1,"name":"Home","item":"https:\/\/gardavillage.it\/de\/"},{"@type":"ListItem","position":2,"name":"News","item":"https:\/\/gardavillage.it\/de\/news\/"},{"@type":"ListItem","position":3,"name":"Wir sind mit der neuen Website online!"}]},{"@type":"WebSite","@id":"https:\/\/gardavillage.it\/de\/#website","url":"https:\/\/gardavillage.it\/de\/","name":"Garda Village","description":"La tua vacanza al Lago di Garda","publisher":{"@id":"https:\/\/gardavillage.it\/de\/#organization"},"potentialAction":[{"@type":"SearchAction","target":{"@type":"EntryPoint","urlTemplate":"https:\/\/gardavillage.it\/de\/?s={search_term_string}"},"query-input":"required name=search_term_string"}],"inLanguage":"de"},{"@type":"Organization","@id":"https:\/\/gardavillage.it\/de\/#organization","name":"Garda Village","url":"https:\/\/gardavillage.it\/de\/","logo":{"@type":"ImageObject","inLanguage":"de","@id":"https:\/\/gardavillage.it\/de\/#\/schema\/logo\/image\/","url":"https:\/\/gardavillage.it\/wp-content\/uploads\/gada-village-logo.svg","contentUrl":"https:\/\/gardavillage.it\/wp-content\/uploads\/gada-village-logo.svg","caption":"Garda Village"},"image":{"@id":"https:\/\/gardavillage.it\/de\/#\/schema\/logo\/image\/"}}]}},"publishpress_future_action":{"enabled":false,"date":"2026-05-05 19:14:31","action":"draft","terms":[],"taxonomy":"category"},"_links":{"self":[{"href":"https:\/\/gardavillage.it\/de\/wp-json\/wp\/v2\/news\/4809","targetHints":{"allow":["GET"]}}],"collection":[{"href":"https:\/\/gardavillage.it\/de\/wp-json\/wp\/v2\/news"}],"about":[{"href":"https:\/\/gardavillage.it\/de\/wp-json\/wp\/v2\/types\/news"}],"author":[{"embeddable":true,"href":"https:\/\/gardavillage.it\/de\/wp-json\/wp\/v2\/users\/2"}],"version-history":[{"count":1,"href":"https:\/\/gardavillage.it\/de\/wp-json\/wp\/v2\/news\/4809\/revisions"}],"predecessor-version":[{"id":4810,"href":"https:\/\/gardavillage.it\/de\/wp-json\/wp\/v2\/news\/4809\/revisions\/4810"}],"wp:featuredmedia":[{"embeddable":true,"href":"https:\/\/gardavillage.it\/de\/wp-json\/wp\/v2\/media\/3141"}],"wp:attachment":[{"href":"https:\/\/gardavillage.it\/de\/wp-json\/wp\/v2\/media?parent=4809"}],"wp:term":[{"taxonomy":"category","embeddable":true,"href":"https:\/\/gardavillage.it\/de\/wp-json\/wp\/v2\/categories?post=4809"}],"curies":[{"name":"wp","href":"https:\/\/api.w.org\/{rel}","templated":true}]}}